{"id":1855,"date":"2017-11-23T17:35:20","date_gmt":"2017-11-23T16:35:20","guid":{"rendered":"https:\/\/genevaclassiccarclub.ch\/?p=1855"},"modified":"2017-11-23T19:04:43","modified_gmt":"2017-11-23T18:04:43","slug":"citroen-sm","status":"publish","type":"post","link":"https:\/\/genevaclassiccarclub.ch\/fr\/citroen-sm\/","title":{"rendered":"Citroen SM"},"content":{"rendered":"<p>[et_pb_section bb_built=\u00a0\u00bb1&Prime;][et_pb_row][et_pb_column type=\u00a0\u00bb4_4&Prime;][et_pb_gallery _builder_version=\u00a0\u00bb3.0.77&Prime; posts_number=\u00a0\u00bb5&Prime; show_title_and_caption=\u00a0\u00bboff\u00a0\u00bb show_pagination=\u00a0\u00bboff\u00a0\u00bb gallery_ids=\u00a0\u00bb1869,1866,1863,1860,1857&Prime; fullwidth=\u00a0\u00bboff\u00a0\u00bb db_images_per_row=\u00a0\u00bb3&Prime; db_image_max_width=\u00a0\u00bb90&Prime; db_image_max_width_tablet=\u00a0\u00bb51&Prime; db_image_max_height=\u00a0\u00bb0&Prime; db_image_max_height_tablet=\u00a0\u00bb501&Prime; db_image_row_spacing=\u00a0\u00bb3&Prime; db_image_row_spacing_tablet=\u00a0\u00bb51&Prime; db_image_object_fit=\u00a0\u00bbinitial\u00a0\u00bb orientation=\u00a0\u00bblandscape\u00a0\u00bb zoom_icon_color=\u00a0\u00bb#8c050a\u00a0\u00bb hover_overlay_color=\u00a0\u00bbrgba(255,255,255,0.9)\u00a0\u00bb background_layout=\u00a0\u00bblight\u00a0\u00bb db_image_center_titles=\u00a0\u00bbleft\u00a0\u00bb pagination_font_size_tablet=\u00a0\u00bb51&Prime; pagination_line_height_tablet=\u00a0\u00bb2&Prime; border_style=\u00a0\u00bbsolid\u00a0\u00bb \/][et_pb_text admin_label=\u00a0\u00bbUn r\u00eave de gosse\u00a0\u00bb _builder_version=\u00a0\u00bb3.0.77&Prime; background_layout=\u00a0\u00bblight\u00a0\u00bb border_style=\u00a0\u00bbsolid\u00a0\u00bb]<\/p>\n<div><\/div>\n<div>\n<p><strong><strong><u>Un r\u00e8ve de gosse<\/u><\/strong><\/strong><\/p>\n<\/div>\n<div><\/div>\n<div id=\"yui_3_16_0_ym19_1_1511013376586_7055\">Mes premiers souvenirs de citro\u00ebniste sont des images o\u00f9 je voyais ces voitures depuis ma poussette (imaginez la perspective\u00a0!) qui, pour moi, ressemblaient plus \u00e0 des fus\u00e9es qu\u2019\u00e0 des automobiles. Cette passion s\u2019est prolong\u00e9e durant l\u2019enfance avec ma collection de mod\u00e8les r\u00e9duits et \u00e0 l\u2019age adulte avec l\u2019achat de vraies voitures (une C2, puis actuellement une C4). Mais je suis rest\u00e9 avec une certaine frustration, car je n\u2019ai pas eu de mod\u00e8les avec les suspensions hydropneumatiques.<\/div>\n<p>[\/et_pb_text][et_pb_divider _builder_version=\u00a0\u00bb3.0.77&Prime; show_divider=\u00a0\u00bbon\u00a0\u00bb divider_style=\u00a0\u00bbsolid\u00a0\u00bb divider_position=\u00a0\u00bbtop\u00a0\u00bb color=\u00a0\u00bb#8c8c8c\u00a0\u00bb \/][et_pb_text admin_label=\u00a0\u00bbLa r\u00e9alisation du r\u00eave\u00a0\u00bb _builder_version=\u00a0\u00bb3.0.77&Prime; background_layout=\u00a0\u00bblight\u00a0\u00bb border_style=\u00a0\u00bbsolid\u00a0\u00bb]<\/p>\n<div id=\"yui_3_16_0_ym19_1_1511013376586_7055\"><\/div>\n<div>\u00a0<strong><u id=\"yui_3_16_0_ym19_1_1511013376586_7059\">La r\u00e9alisation du r\u00eave<\/u><\/strong><\/div>\n<div><\/div>\n<div id=\"yui_3_16_0_ym19_1_1511013376586_7062\">Enfin\u00a0! bienvenue \u00e0 bord du salon SM. Rien qu\u2019\u00e0 l\u2019arr\u00eat, je m\u2019y sens d\u00e9j\u00e0 bien. C\u2019est tr\u00e8s confortable et j\u2019aime beaucoup le design int\u00e9rieur vintage (on disait \u00ab\u00a0futuriste\u00a0\u00bb \u00e0 l\u2019\u00e9poque\u00a0!). Sur la route, le confort est maintenu gr\u00e2ce \u00e0 la souplesse des suspensions. Certes, au d\u00e9but, par habitude et un peu par scrupules, j\u2019ai tendance \u00e0 ralentir \u00e0 l\u2019approche des dos d\u2019\u00e2nes. Mais en voyant comment la voiture r\u00e9agit (non\u00a0! les Citro\u00ebn ne rebondissent pas, comme le pensent certains, elles absorbent les irr\u00e9gularit\u00e9s du terrain), j\u2019oublie vite ce r\u00e9flexe et je passe les suivants tout droit avec un petit sourire en voyant les voitures de derri\u00e8re s\u2019\u00e9loigner dans le r\u00e9troviseur \u00e0 chaque bosse.<\/div>\n<div><\/div>\n<div id=\"yui_3_16_0_ym19_1_1511013376586_7065\">Me voici enfin sur l\u2019autoroute direction Annecy pour un tour du lac et le 1<sup id=\"yui_3_16_0_ym19_1_1511013376586_7066\">er<\/sup> p\u00e9age. Quel plaisir de baisser la vitre \u00e9lectrique sur un mod\u00e8le de 1971 pour payer son d\u00fb\u00a0!<\/div>\n<div id=\"yui_3_16_0_ym19_1_1511013376586_7067\">Et le moment est venu de \u00ab\u00a0changer de voiture\u00a0\u00bb, je passe de Citro\u00ebn \u00e0 Maserati. A l\u2019acc\u00e9l\u00e9ration, le moteur est impressionnant. Les voitures parties en m\u00eame temps que moi sont tr\u00e8s vite distanc\u00e9es. Mais le probl\u00e8me est que celles de devant, qui sont parties avant moi, sont vite rattrap\u00e9es\u00a0et je dois freiner aussi parce que j\u2019ai d\u00e9j\u00e0 d\u00e9pass\u00e9 la limite de vitesse autoris\u00e9e\u00a0! La p\u00e9dale du frein ou plut\u00f4t il faudrait dire le champignon du frein est tr\u00e8s \u00e9trange, mais les freins sont tr\u00e8s efficaces.<\/div>\n<div id=\"yui_3_16_0_ym19_1_1511013376586_7068\">Je dois maintenant quitter l\u2019autoroute, mais attention au virage en sortie. Le rappel asservi de la direction assist\u00e9e est puissant, je dois bien tenir la direction pour contenir le redressement des roues en position droite et je ne dois pas trop tourner le volant, car la d\u00e9multiplication \u00e9tant tr\u00e8s faible, il faut y aller avec d\u00e9licatesse. En effet, avec un tour de volant on braque totalement les roues et le rayon de braquage est juste hallucinant. Et justement, en me rendant le soir \u00e0 un restaurant aux alentours d\u2019Annecy, je me suis tromp\u00e9 de chemin\u00a0; j\u2019ai tr\u00e8s facilement pu faire demi tour sur un chemin \u00e9troit.<\/div>\n<p>[\/et_pb_text][et_pb_divider _builder_version=\u00a0\u00bb3.0.77&Prime; show_divider=\u00a0\u00bbon\u00a0\u00bb divider_style=\u00a0\u00bbsolid\u00a0\u00bb divider_position=\u00a0\u00bbtop\u00a0\u00bb color=\u00a0\u00bb#8c8c8c\u00a0\u00bb \/][et_pb_text admin_label=\u00a0\u00bbEpilogue\u00a0\u00bb _builder_version=\u00a0\u00bb3.0.77&Prime; background_layout=\u00a0\u00bblight\u00a0\u00bb border_style=\u00a0\u00bbsolid\u00a0\u00bb]<\/p>\n<div><\/div>\n<div id=\"yui_3_16_0_ym19_1_1511013376586_7071\"><strong><u id=\"yui_3_16_0_ym19_1_1511013376586_7072\">Epilogue<\/u><\/strong><\/div>\n<div><\/div>\n<div id=\"yui_3_16_0_ym19_1_1511013376586_7076\">Je conseille effectivement \u00e0 ceux qui voudraient tenter cette exp\u00e9rience de conduite de la Citro\u00ebn SM de s\u2019informer auparavant des caract\u00e9ristiques techniques propres \u00e0 ce mod\u00e8le (surtout pour le syt\u00e8me de direction et de freinage) pour ne pas \u00eatre trop surpris lors de la premi\u00e8re prise en mains. Mais vous pouvez aussi vous fier aux conseils et indications de Monsieur Reinhardus qui est par ailleurs une personne tr\u00e8s aimable.<\/div>\n<div><\/div>\n<div>J\u2019ai pass\u00e9 une excellente journ\u00e9e et j\u2019en garderai un souvenir m\u00e9morable. Malheureusement, je dois d\u00e9finitivement rendre la voiture \u00e0 son propri\u00e9taire\u2026 \u00e0 moins que\u2026 peut-\u00eatre\u2026 pourquoi pas\u2026 et si je m\u2019offrais une Citro\u00ebn SM\u00a0? \u00e0 suivre\u2026<\/div>\n<p>[\/et_pb_text][\/et_pb_column][\/et_pb_row][\/et_pb_section]<\/p>\n","protected":false},"excerpt":{"rendered":"<p>[et_pb_section bb_built=\u00a0\u00bb1&Prime;][et_pb_row][et_pb_column type=\u00a0\u00bb4_4&Prime;][et_pb_gallery _builder_version=\u00a0\u00bb3.0.77&Prime; posts_number=\u00a0\u00bb5&Prime; show_title_and_caption=\u00a0\u00bboff\u00a0\u00bb show_pagination=\u00a0\u00bboff\u00a0\u00bb gallery_ids=\u00a0\u00bb1869,1866,1863,1860,1857&Prime; fullwidth=\u00a0\u00bboff\u00a0\u00bb db_images_per_row=\u00a0\u00bb3&Prime; db_image_max_width=\u00a0\u00bb90&Prime; db_image_max_width_tablet=\u00a0\u00bb51&Prime; db_image_max_height=\u00a0\u00bb0&Prime; db_image_max_height_tablet=\u00a0\u00bb501&Prime; db_image_row_spacing=\u00a0\u00bb3&Prime; db_image_row_spacing_tablet=\u00a0\u00bb51&Prime; db_image_object_fit=\u00a0\u00bbinitial\u00a0\u00bb orientation=\u00a0\u00bblandscape\u00a0\u00bb zoom_icon_color=\u00a0\u00bb#8c050a\u00a0\u00bb hover_overlay_color=\u00a0\u00bbrgba(255,255,255,0.9)\u00a0\u00bb background_layout=\u00a0\u00bblight\u00a0\u00bb db_image_center_titles=\u00a0\u00bbleft\u00a0\u00bb pagination_font_size_tablet=\u00a0\u00bb51&Prime; pagination_line_height_tablet=\u00a0\u00bb2&Prime; border_style=\u00a0\u00bbsolid\u00a0\u00bb \/][et_pb_text admin_label=\u00a0\u00bbUn r\u00eave de gosse\u00a0\u00bb _builder_version=\u00a0\u00bb3.0.77&Prime; background_layout=\u00a0\u00bblight\u00a0\u00bb border_style=\u00a0\u00bbsolid\u00a0\u00bb] Un r\u00e8ve de gosse Mes premiers souvenirs de citro\u00ebniste sont des images o\u00f9 je voyais ces voitures depuis ma poussette (imaginez la [&hellip;]<\/p>\n","protected":false},"author":1,"featured_media":0,"comment_status":"closed","ping_status":"open","sticky":false,"template":"","format":"standard","meta":{"_et_pb_use_builder":"on","_et_pb_old_content":"<div>\u00a0<\/div><p>[gallery link=\"file\" ids=\"1869,1866,1863,1860,1857\"]<\/p><p>\u00a0<\/p><div><p><strong><strong><u>Un r\u00e8ve de gosse<\/u><\/strong><\/strong><\/p><\/div><div>\u00a0<\/div><div id=\"yui_3_16_0_ym19_1_1511013376586_7055\">Mes premiers souvenirs de citro\u00ebniste sont des images o\u00f9 je voyais ces voitures depuis ma poussette (imaginez la perspective\u00a0!) qui, pour moi, ressemblaient plus \u00e0 des fus\u00e9es qu\u2019\u00e0 des automobiles. Cette passion s\u2019est prolong\u00e9e durant l\u2019enfance avec ma collection de mod\u00e8les r\u00e9duits et \u00e0 l\u2019age adulte avec l\u2019achat de vraies voitures (une C2, puis actuellement une C4). Mais je suis rest\u00e9 avec une certaine frustration, car je n\u2019ai pas eu de mod\u00e8les avec les suspensions hydropneumatiques.<\/div><div>\u00a0<\/div><div>\u00a0<\/div><div id=\"yui_3_16_0_ym19_1_1511013376586_7058\"><strong><u id=\"yui_3_16_0_ym19_1_1511013376586_7059\">La r\u00e9alisation du r\u00eave<\/u><\/strong><\/div><div>\u00a0<\/div><div id=\"yui_3_16_0_ym19_1_1511013376586_7062\">Enfin\u00a0! bienvenue \u00e0 bord du salon SM. Rien qu\u2019\u00e0 l\u2019arr\u00eat, je m\u2019y sens d\u00e9j\u00e0 bien. C\u2019est tr\u00e8s confortable et j\u2019aime beaucoup le design int\u00e9rieur vintage (on disait \u00ab\u00a0futuriste\u00a0\u00bb \u00e0 l\u2019\u00e9poque\u00a0!). Sur la route, le confort est maintenu gr\u00e2ce \u00e0 la souplesse des suspensions. Certes, au d\u00e9but, par habitude et un peu par scrupules, j\u2019ai tendance \u00e0 ralentir \u00e0 l\u2019approche des dos d\u2019\u00e2nes. Mais en voyant comment la voiture r\u00e9agit (non\u00a0! les Citro\u00ebn ne rebondissent pas, comme le pensent certains, elles absorbent les irr\u00e9gularit\u00e9s du terrain), j\u2019oublie vite ce r\u00e9flexe et je passe les suivants tout droit avec un petit sourire en voyant les voitures de derri\u00e8re s\u2019\u00e9loigner dans le r\u00e9troviseur \u00e0 chaque bosse.<\/div><div>\u00a0<\/div><div id=\"yui_3_16_0_ym19_1_1511013376586_7065\">Me voici enfin sur l\u2019autoroute direction Annecy pour un tour du lac et le 1<sup id=\"yui_3_16_0_ym19_1_1511013376586_7066\">er<\/sup> p\u00e9age. Quel plaisir de baisser la vitre \u00e9lectrique sur un mod\u00e8le de 1971 pour payer son d\u00fb\u00a0!<\/div><div id=\"yui_3_16_0_ym19_1_1511013376586_7067\">Et le moment est venu de \u00ab\u00a0changer de voiture\u00a0\u00bb, je passe de Citro\u00ebn \u00e0 Maserati. A l\u2019acc\u00e9l\u00e9ration, le moteur est impressionnant. Les voitures parties en m\u00eame temps que moi sont tr\u00e8s vite distanc\u00e9es. Mais le probl\u00e8me est que celles de devant, qui sont parties avant moi, sont vite rattrap\u00e9es\u00a0et je dois freiner aussi parce que j\u2019ai d\u00e9j\u00e0 d\u00e9pass\u00e9 la limite de vitesse autoris\u00e9e\u00a0! La p\u00e9dale du frein ou plut\u00f4t il faudrait dire le champignon du frein est tr\u00e8s \u00e9trange, mais les freins sont tr\u00e8s efficaces.<\/div><div id=\"yui_3_16_0_ym19_1_1511013376586_7068\">Je dois maintenant quitter l\u2019autoroute, mais attention au virage en sortie. Le rappel asservi de la direction assist\u00e9e est puissant, je dois bien tenir la direction pour contenir le redressement des roues en position droite et je ne dois pas trop tourner le volant, car la d\u00e9multiplication \u00e9tant tr\u00e8s faible, il faut y aller avec d\u00e9licatesse. En effet, avec un tour de volant on braque totalement les roues et le rayon de braquage est juste hallucinant. Et justement, en me rendant le soir \u00e0 un restaurant aux alentours d\u2019Annecy, je me suis tromp\u00e9 de chemin\u00a0; j\u2019ai tr\u00e8s facilement pu faire demi tour sur un chemin \u00e9troit.<\/div><div>\u00a0<\/div><div>\u00a0<\/div><div id=\"yui_3_16_0_ym19_1_1511013376586_7071\"><strong><u id=\"yui_3_16_0_ym19_1_1511013376586_7072\">Epilogue<\/u><\/strong><\/div><div>\u00a0<\/div><div id=\"yui_3_16_0_ym19_1_1511013376586_7076\">Je conseille effectivement \u00e0 ceux qui voudraient tenter cette exp\u00e9rience de conduite de la Citro\u00ebn SM de s\u2019informer auparavant des caract\u00e9ristiques techniques propres \u00e0 ce mod\u00e8le (surtout pour le syt\u00e8me de direction et de freinage) pour ne pas \u00eatre trop surpris lors de la premi\u00e8re prise en mains. Mais vous pouvez aussi vous fier aux conseils et indications de Monsieur Reinhardus qui est par ailleurs une personne tr\u00e8s aimable.<\/div><div>\u00a0<\/div><div>J\u2019ai pass\u00e9 une excellente journ\u00e9e et j\u2019en garderai un souvenir m\u00e9morable. Malheureusement, je dois d\u00e9finitivement rendre la voiture \u00e0 son propri\u00e9taire\u2026 \u00e0 moins que\u2026 peut-\u00eatre\u2026 pourquoi pas\u2026 et si je m\u2019offrais une Citro\u00ebn SM\u00a0? \u00e0 suivre\u2026<\/div>","_et_gb_content_width":"","_mi_skip_tracking":false},"categories":[56],"tags":[],"yoast_head":"<!-- This site is optimized with the Yoast SEO plugin v21.8.1 - https:\/\/yoast.com\/wordpress\/plugins\/seo\/ -->\n<title>Citroen SM - Geneva Classic Car Club<\/title>\n<meta name=\"robots\" content=\"index, follow, max-snippet:-1, max-image-preview:large, max-video-preview:-1\" \/>\n<link rel=\"canonical\" href=\"https:\/\/genevaclassiccarclub.ch\/fr\/citroen-sm\/\" \/>\n<meta property=\"og:locale\" content=\"fr_FR\" \/>\n<meta property=\"og:type\" content=\"article\" \/>\n<meta property=\"og:title\" content=\"Citroen SM - Geneva Classic Car Club\" \/>\n<meta property=\"og:description\" content=\"[et_pb_section bb_built=\u00a0\u00bb1&Prime;][et_pb_row][et_pb_column type=\u00a0\u00bb4_4&Prime;][et_pb_gallery _builder_version=\u00a0\u00bb3.0.77&Prime; posts_number=\u00a0\u00bb5&Prime; show_title_and_caption=\u00a0\u00bboff\u00a0\u00bb show_pagination=\u00a0\u00bboff\u00a0\u00bb gallery_ids=\u00a0\u00bb1869,1866,1863,1860,1857&Prime; fullwidth=\u00a0\u00bboff\u00a0\u00bb db_images_per_row=\u00a0\u00bb3&Prime; db_image_max_width=\u00a0\u00bb90&Prime; db_image_max_width_tablet=\u00a0\u00bb51&Prime; db_image_max_height=\u00a0\u00bb0&Prime; db_image_max_height_tablet=\u00a0\u00bb501&Prime; db_image_row_spacing=\u00a0\u00bb3&Prime; db_image_row_spacing_tablet=\u00a0\u00bb51&Prime; db_image_object_fit=\u00a0\u00bbinitial\u00a0\u00bb orientation=\u00a0\u00bblandscape\u00a0\u00bb zoom_icon_color=\u00a0\u00bb#8c050a\u00a0\u00bb hover_overlay_color=\u00a0\u00bbrgba(255,255,255,0.9)\u00a0\u00bb background_layout=\u00a0\u00bblight\u00a0\u00bb db_image_center_titles=\u00a0\u00bbleft\u00a0\u00bb pagination_font_size_tablet=\u00a0\u00bb51&Prime; pagination_line_height_tablet=\u00a0\u00bb2&Prime; border_style=\u00a0\u00bbsolid\u00a0\u00bb \/][et_pb_text admin_label=\u00a0\u00bbUn r\u00eave de gosse\u00a0\u00bb _builder_version=\u00a0\u00bb3.0.77&Prime; background_layout=\u00a0\u00bblight\u00a0\u00bb border_style=\u00a0\u00bbsolid\u00a0\u00bb] Un r\u00e8ve de gosse Mes premiers souvenirs de citro\u00ebniste sont des images o\u00f9 je voyais ces voitures depuis ma poussette (imaginez la [&hellip;]\" \/>\n<meta property=\"og:url\" content=\"https:\/\/genevaclassiccarclub.ch\/fr\/citroen-sm\/\" \/>\n<meta property=\"og:site_name\" content=\"Geneva Classic Car Club\" \/>\n<meta property=\"article:published_time\" content=\"2017-11-23T16:35:20+00:00\" \/>\n<meta property=\"article:modified_time\" content=\"2017-11-23T18:04:43+00:00\" \/>\n<meta name=\"author\" content=\"admin\" \/>\n<meta name=\"twitter:card\" content=\"summary_large_image\" \/>\n<meta name=\"twitter:label1\" content=\"\u00c9crit par\" \/>\n\t<meta name=\"twitter:data1\" content=\"Fabrizio S.\" \/>\n\t<meta name=\"twitter:label2\" content=\"Dur\u00e9e de lecture estim\u00e9e\" \/>\n\t<meta name=\"twitter:data2\" content=\"4 minutes\" \/>\n<script type=\"application\/ld+json\" class=\"yoast-schema-graph\">{\"@context\":\"https:\/\/schema.org\",\"@graph\":[{\"@type\":\"WebPage\",\"@id\":\"https:\/\/genevaclassiccarclub.ch\/fr\/citroen-sm\/\",\"url\":\"https:\/\/genevaclassiccarclub.ch\/fr\/citroen-sm\/\",\"name\":\"Citroen SM - Geneva Classic Car Club\",\"isPartOf\":{\"@id\":\"https:\/\/genevaclassiccarclub.ch\/fr\/#website\"},\"datePublished\":\"2017-11-23T16:35:20+00:00\",\"dateModified\":\"2017-11-23T18:04:43+00:00\",\"author\":{\"@id\":\"https:\/\/genevaclassiccarclub.ch\/fr\/#\/schema\/person\/d26f5c5d29c890d95efc88c8152af71d\"},\"breadcrumb\":{\"@id\":\"https:\/\/genevaclassiccarclub.ch\/fr\/citroen-sm\/#breadcrumb\"},\"inLanguage\":\"fr-FR\",\"potentialAction\":[{\"@type\":\"ReadAction\",\"target\":[\"https:\/\/genevaclassiccarclub.ch\/fr\/citroen-sm\/\"]}]},{\"@type\":\"BreadcrumbList\",\"@id\":\"https:\/\/genevaclassiccarclub.ch\/fr\/citroen-sm\/#breadcrumb\",\"itemListElement\":[{\"@type\":\"ListItem\",\"position\":1,\"name\":\"Accueil\",\"item\":\"https:\/\/genevaclassiccarclub.ch\/fr\/\"},{\"@type\":\"ListItem\",\"position\":2,\"name\":\"Citroen SM\"}]},{\"@type\":\"WebSite\",\"@id\":\"https:\/\/genevaclassiccarclub.ch\/fr\/#website\",\"url\":\"https:\/\/genevaclassiccarclub.ch\/fr\/\",\"name\":\"Geneva Classic Car Club\",\"description\":\"Dive into the world of classic cars\",\"potentialAction\":[{\"@type\":\"SearchAction\",\"target\":{\"@type\":\"EntryPoint\",\"urlTemplate\":\"https:\/\/genevaclassiccarclub.ch\/fr\/?s={search_term_string}\"},\"query-input\":\"required name=search_term_string\"}],\"inLanguage\":\"fr-FR\"},{\"@type\":\"Person\",\"@id\":\"https:\/\/genevaclassiccarclub.ch\/fr\/#\/schema\/person\/d26f5c5d29c890d95efc88c8152af71d\",\"name\":\"admin\",\"image\":{\"@type\":\"ImageObject\",\"inLanguage\":\"fr-FR\",\"@id\":\"https:\/\/genevaclassiccarclub.ch\/fr\/#\/schema\/person\/image\/\",\"url\":\"https:\/\/secure.gravatar.com\/avatar\/96e044374f27857edab5d45466c6c225?s=96&d=mm&r=g\",\"contentUrl\":\"https:\/\/secure.gravatar.com\/avatar\/96e044374f27857edab5d45466c6c225?s=96&d=mm&r=g\",\"caption\":\"admin\"},\"url\":\"https:\/\/genevaclassiccarclub.ch\/fr\/author\/admin\/\"}]}<\/script>\n<!-- \/ Yoast SEO plugin. -->","yoast_head_json":{"title":"Citroen SM - Geneva Classic Car Club","robots":{"index":"index","follow":"follow","max-snippet":"max-snippet:-1","max-image-preview":"max-image-preview:large","max-video-preview":"max-video-preview:-1"},"canonical":"https:\/\/genevaclassiccarclub.ch\/fr\/citroen-sm\/","og_locale":"fr_FR","og_type":"article","og_title":"Citroen SM - Geneva Classic Car Club","og_description":"[et_pb_section bb_built=\u00a0\u00bb1&Prime;][et_pb_row][et_pb_column type=\u00a0\u00bb4_4&Prime;][et_pb_gallery _builder_version=\u00a0\u00bb3.0.77&Prime; posts_number=\u00a0\u00bb5&Prime; show_title_and_caption=\u00a0\u00bboff\u00a0\u00bb show_pagination=\u00a0\u00bboff\u00a0\u00bb gallery_ids=\u00a0\u00bb1869,1866,1863,1860,1857&Prime; fullwidth=\u00a0\u00bboff\u00a0\u00bb db_images_per_row=\u00a0\u00bb3&Prime; db_image_max_width=\u00a0\u00bb90&Prime; db_image_max_width_tablet=\u00a0\u00bb51&Prime; db_image_max_height=\u00a0\u00bb0&Prime; db_image_max_height_tablet=\u00a0\u00bb501&Prime; db_image_row_spacing=\u00a0\u00bb3&Prime; db_image_row_spacing_tablet=\u00a0\u00bb51&Prime; db_image_object_fit=\u00a0\u00bbinitial\u00a0\u00bb orientation=\u00a0\u00bblandscape\u00a0\u00bb zoom_icon_color=\u00a0\u00bb#8c050a\u00a0\u00bb hover_overlay_color=\u00a0\u00bbrgba(255,255,255,0.9)\u00a0\u00bb background_layout=\u00a0\u00bblight\u00a0\u00bb db_image_center_titles=\u00a0\u00bbleft\u00a0\u00bb pagination_font_size_tablet=\u00a0\u00bb51&Prime; pagination_line_height_tablet=\u00a0\u00bb2&Prime; border_style=\u00a0\u00bbsolid\u00a0\u00bb \/][et_pb_text admin_label=\u00a0\u00bbUn r\u00eave de gosse\u00a0\u00bb _builder_version=\u00a0\u00bb3.0.77&Prime; background_layout=\u00a0\u00bblight\u00a0\u00bb border_style=\u00a0\u00bbsolid\u00a0\u00bb] Un r\u00e8ve de gosse Mes premiers souvenirs de citro\u00ebniste sont des images o\u00f9 je voyais ces voitures depuis ma poussette (imaginez la [&hellip;]","og_url":"https:\/\/genevaclassiccarclub.ch\/fr\/citroen-sm\/","og_site_name":"Geneva Classic Car Club","article_published_time":"2017-11-23T16:35:20+00:00","article_modified_time":"2017-11-23T18:04:43+00:00","author":"admin","twitter_card":"summary_large_image","twitter_misc":{"\u00c9crit par":"Fabrizio S.","Dur\u00e9e de lecture estim\u00e9e":"4 minutes"},"schema":{"@context":"https:\/\/schema.org","@graph":[{"@type":"WebPage","@id":"https:\/\/genevaclassiccarclub.ch\/fr\/citroen-sm\/","url":"https:\/\/genevaclassiccarclub.ch\/fr\/citroen-sm\/","name":"Citroen SM - Geneva Classic Car Club","isPartOf":{"@id":"https:\/\/genevaclassiccarclub.ch\/fr\/#website"},"datePublished":"2017-11-23T16:35:20+00:00","dateModified":"2017-11-23T18:04:43+00:00","author":{"@id":"https:\/\/genevaclassiccarclub.ch\/fr\/#\/schema\/person\/d26f5c5d29c890d95efc88c8152af71d"},"breadcrumb":{"@id":"https:\/\/genevaclassiccarclub.ch\/fr\/citroen-sm\/#breadcrumb"},"inLanguage":"fr-FR","potentialAction":[{"@type":"ReadAction","target":["https:\/\/genevaclassiccarclub.ch\/fr\/citroen-sm\/"]}]},{"@type":"BreadcrumbList","@id":"https:\/\/genevaclassiccarclub.ch\/fr\/citroen-sm\/#breadcrumb","itemListElement":[{"@type":"ListItem","position":1,"name":"Accueil","item":"https:\/\/genevaclassiccarclub.ch\/fr\/"},{"@type":"ListItem","position":2,"name":"Citroen SM"}]},{"@type":"WebSite","@id":"https:\/\/genevaclassiccarclub.ch\/fr\/#website","url":"https:\/\/genevaclassiccarclub.ch\/fr\/","name":"Geneva Classic Car Club","description":"Dive into the world of classic cars","potentialAction":[{"@type":"SearchAction","target":{"@type":"EntryPoint","urlTemplate":"https:\/\/genevaclassiccarclub.ch\/fr\/?s={search_term_string}"},"query-input":"required name=search_term_string"}],"inLanguage":"fr-FR"},{"@type":"Person","@id":"https:\/\/genevaclassiccarclub.ch\/fr\/#\/schema\/person\/d26f5c5d29c890d95efc88c8152af71d","name":"admin","image":{"@type":"ImageObject","inLanguage":"fr-FR","@id":"https:\/\/genevaclassiccarclub.ch\/fr\/#\/schema\/person\/image\/","url":"https:\/\/secure.gravatar.com\/avatar\/96e044374f27857edab5d45466c6c225?s=96&d=mm&r=g","contentUrl":"https:\/\/secure.gravatar.com\/avatar\/96e044374f27857edab5d45466c6c225?s=96&d=mm&r=g","caption":"admin"},"url":"https:\/\/genevaclassiccarclub.ch\/fr\/author\/admin\/"}]}},"jetpack_sharing_enabled":true,"jetpack_featured_media_url":"","_links":{"self":[{"href":"https:\/\/genevaclassiccarclub.ch\/fr\/wp-json\/wp\/v2\/posts\/1855"}],"collection":[{"href":"https:\/\/genevaclassiccarclub.ch\/fr\/wp-json\/wp\/v2\/posts"}],"about":[{"href":"https:\/\/genevaclassiccarclub.ch\/fr\/wp-json\/wp\/v2\/types\/post"}],"author":[{"embeddable":true,"href":"https:\/\/genevaclassiccarclub.ch\/fr\/wp-json\/wp\/v2\/users\/1"}],"replies":[{"embeddable":true,"href":"https:\/\/genevaclassiccarclub.ch\/fr\/wp-json\/wp\/v2\/comments?post=1855"}],"version-history":[{"count":12,"href":"https:\/\/genevaclassiccarclub.ch\/fr\/wp-json\/wp\/v2\/posts\/1855\/revisions"}],"predecessor-version":[{"id":1885,"href":"https:\/\/genevaclassiccarclub.ch\/fr\/wp-json\/wp\/v2\/posts\/1855\/revisions\/1885"}],"wp:attachment":[{"href":"https:\/\/genevaclassiccarclub.ch\/fr\/wp-json\/wp\/v2\/media?parent=1855"}],"wp:term":[{"taxonomy":"category","embeddable":true,"href":"https:\/\/genevaclassiccarclub.ch\/fr\/wp-json\/wp\/v2\/categories?post=1855"},{"taxonomy":"post_tag","embeddable":true,"href":"https:\/\/genevaclassiccarclub.ch\/fr\/wp-json\/wp\/v2\/tags?post=1855"}],"curies":[{"name":"wp","href":"https:\/\/api.w.org\/{rel}","templated":true}]}}