{"id":2079,"date":"2018-06-05T15:17:44","date_gmt":"2018-06-05T13:17:44","guid":{"rendered":"https:\/\/genevaclassiccarclub.ch\/citroen-ds-23-ie-pallas-photoshoot\/"},"modified":"2018-06-05T15:39:31","modified_gmt":"2018-06-05T13:39:31","slug":"citroen-ds-23-ie-pallas-photoshoot","status":"publish","type":"post","link":"https:\/\/genevaclassiccarclub.ch\/fr\/citroen-ds-23-ie-pallas-photoshoot\/","title":{"rendered":"Citroen DS 23 IE Pallas Photoshoot"},"content":{"rendered":"<p>Quelques jolies photos d&rsquo;un photoshoot recent autour de Gen\u00e8ve pour un magazine on-line chinois. Geneva Classic Car Club a mis \u00e0 la disposition de l&rsquo;\u00e9quipe la voiture du jour.<\/p>\n<p><img decoding=\"async\" loading=\"lazy\" class=\"alignnone size-medium wp-image-2049\" src=\"https:\/\/genevaclassiccarclub.ch\/wp-content\/uploads\/2018\/06\/WechatIMG452-169x300.jpeg\" alt=\"\" width=\"169\" height=\"300\" \/><img decoding=\"async\" loading=\"lazy\" class=\"alignnone wp-image-2055\" src=\"https:\/\/genevaclassiccarclub.ch\/wp-content\/uploads\/2018\/06\/WechatIMG450-300x200.jpeg\" alt=\"\" width=\"300\" height=\"200\" \/><\/p>\n<p><img decoding=\"async\" loading=\"lazy\" class=\"wp-image-2028 alignnone\" src=\"https:\/\/genevaclassiccarclub.ch\/wp-content\/uploads\/2018\/06\/WechatIMG418-300x169.jpeg\" alt=\"\" width=\"207\" height=\"117\" \/><img decoding=\"async\" loading=\"lazy\" class=\"wp-image-2046 alignnone\" src=\"https:\/\/genevaclassiccarclub.ch\/wp-content\/uploads\/2018\/06\/WechatIMG437-300x225.jpeg\" alt=\"\" width=\"158\" height=\"118\" \/><img decoding=\"async\" loading=\"lazy\" class=\" wp-image-2037\" src=\"https:\/\/genevaclassiccarclub.ch\/wp-content\/uploads\/2018\/06\/WechatIMG438-300x225.jpeg\" alt=\"\" width=\"156\" height=\"117\" \/><\/p>\n<p>&nbsp;<\/p>\n<p><img decoding=\"async\" loading=\"lazy\" class=\"alignnone size-medium wp-image-2061\" src=\"https:\/\/genevaclassiccarclub.ch\/wp-content\/uploads\/2018\/06\/WechatIMG421-300x169.jpeg\" alt=\"\" width=\"300\" height=\"169\" \/><img decoding=\"async\" loading=\"lazy\" class=\"alignnone size-medium wp-image-2067\" src=\"https:\/\/genevaclassiccarclub.ch\/wp-content\/uploads\/2018\/06\/WechatIMG420-300x169.jpeg\" alt=\"\" width=\"300\" height=\"169\" \/> <img decoding=\"async\" loading=\"lazy\" class=\"alignnone wp-image-2070\" src=\"https:\/\/genevaclassiccarclub.ch\/wp-content\/uploads\/2018\/06\/WechatIMG453-300x200.jpeg\" alt=\"\" width=\"300\" height=\"200\" \/><img decoding=\"async\" loading=\"lazy\" class=\"alignnone wp-image-2025\" src=\"https:\/\/genevaclassiccarclub.ch\/wp-content\/uploads\/2018\/06\/WechatIMG444-300x169.jpeg\" alt=\"\" width=\"355\" height=\"200\" \/><\/p>\n","protected":false},"excerpt":{"rendered":"<p>Quelques jolies photos d&rsquo;un photoshoot recent autour de Gen\u00e8ve pour un magazine on-line chinois. Geneva Classic Car Club a mis \u00e0 la disposition de l&rsquo;\u00e9quipe la voiture du jour. &nbsp;<\/p>\n","protected":false},"author":2,"featured_media":2050,"comment_status":"closed","ping_status":"open","sticky":false,"template":"","format":"standard","meta":{"_et_pb_use_builder":"","_et_pb_old_content":"","_et_gb_content_width":"","_mi_skip_tracking":false},"categories":[57],"tags":[],"yoast_head":"<!-- This site is optimized with the Yoast SEO plugin v21.8.1 - https:\/\/yoast.com\/wordpress\/plugins\/seo\/ -->\n<title>Citroen DS 23 IE Pallas Photoshoot - Geneva Classic Car Club<\/title>\n<meta name=\"robots\" content=\"index, follow, max-snippet:-1, max-image-preview:large, max-video-preview:-1\" \/>\n<link rel=\"canonical\" href=\"https:\/\/genevaclassiccarclub.ch\/fr\/citroen-ds-23-ie-pallas-photoshoot\/\" \/>\n<meta property=\"og:locale\" content=\"fr_FR\" \/>\n<meta property=\"og:type\" content=\"article\" \/>\n<meta property=\"og:title\" content=\"Citroen DS 23 IE Pallas Photoshoot - Geneva Classic Car Club\" \/>\n<meta property=\"og:description\" content=\"Quelques jolies photos d&rsquo;un photoshoot recent autour de Gen\u00e8ve pour un magazine on-line chinois. Geneva Classic Car Club a mis \u00e0 la disposition de l&rsquo;\u00e9quipe la voiture du jour. &nbsp;\" \/>\n<meta property=\"og:url\" content=\"https:\/\/genevaclassiccarclub.ch\/fr\/citroen-ds-23-ie-pallas-photoshoot\/\" \/>\n<meta property=\"og:site_name\" content=\"Geneva Classic Car Club\" \/>\n<meta property=\"article:published_time\" content=\"2018-06-05T13:17:44+00:00\" \/>\n<meta property=\"article:modified_time\" content=\"2018-06-05T13:39:31+00:00\" \/>\n<meta property=\"og:image\" content=\"https:\/\/genevaclassiccarclub.ch\/wp-content\/uploads\/2018\/06\/WechatIMG452.jpeg\" \/>\n\t<meta property=\"og:image:width\" content=\"576\" \/>\n\t<meta property=\"og:image:height\" content=\"1024\" \/>\n\t<meta property=\"og:image:type\" content=\"image\/jpeg\" \/>\n<meta name=\"author\" content=\"Carel\" \/>\n<meta name=\"twitter:card\" content=\"summary_large_image\" \/>\n<meta name=\"twitter:label1\" content=\"\u00c9crit par\" \/>\n\t<meta name=\"twitter:data1\" content=\"Carel\" \/>\n<script type=\"application\/ld+json\" class=\"yoast-schema-graph\">{\"@context\":\"https:\/\/schema.org\",\"@graph\":[{\"@type\":\"WebPage\",\"@id\":\"https:\/\/genevaclassiccarclub.ch\/fr\/citroen-ds-23-ie-pallas-photoshoot\/\",\"url\":\"https:\/\/genevaclassiccarclub.ch\/fr\/citroen-ds-23-ie-pallas-photoshoot\/\",\"name\":\"Citroen DS 23 IE Pallas Photoshoot - Geneva Classic Car Club\",\"isPartOf\":{\"@id\":\"https:\/\/genevaclassiccarclub.ch\/fr\/#website\"},\"datePublished\":\"2018-06-05T13:17:44+00:00\",\"dateModified\":\"2018-06-05T13:39:31+00:00\",\"author\":{\"@id\":\"https:\/\/genevaclassiccarclub.ch\/fr\/#\/schema\/person\/8594360244f374e94bac63cd95b9b7cb\"},\"breadcrumb\":{\"@id\":\"https:\/\/genevaclassiccarclub.ch\/fr\/citroen-ds-23-ie-pallas-photoshoot\/#breadcrumb\"},\"inLanguage\":\"fr-FR\",\"potentialAction\":[{\"@type\":\"ReadAction\",\"target\":[\"https:\/\/genevaclassiccarclub.ch\/fr\/citroen-ds-23-ie-pallas-photoshoot\/\"]}]},{\"@type\":\"BreadcrumbList\",\"@id\":\"https:\/\/genevaclassiccarclub.ch\/fr\/citroen-ds-23-ie-pallas-photoshoot\/#breadcrumb\",\"itemListElement\":[{\"@type\":\"ListItem\",\"position\":1,\"name\":\"Accueil\",\"item\":\"https:\/\/genevaclassiccarclub.ch\/fr\/\"},{\"@type\":\"ListItem\",\"position\":2,\"name\":\"Citroen DS 23 IE Pallas Photoshoot\"}]},{\"@type\":\"WebSite\",\"@id\":\"https:\/\/genevaclassiccarclub.ch\/fr\/#website\",\"url\":\"https:\/\/genevaclassiccarclub.ch\/fr\/\",\"name\":\"Geneva Classic Car Club\",\"description\":\"Dive into the world of classic cars\",\"potentialAction\":[{\"@type\":\"SearchAction\",\"target\":{\"@type\":\"EntryPoint\",\"urlTemplate\":\"https:\/\/genevaclassiccarclub.ch\/fr\/?s={search_term_string}\"},\"query-input\":\"required name=search_term_string\"}],\"inLanguage\":\"fr-FR\"},{\"@type\":\"Person\",\"@id\":\"https:\/\/genevaclassiccarclub.ch\/fr\/#\/schema\/person\/8594360244f374e94bac63cd95b9b7cb\",\"name\":\"Carel\",\"image\":{\"@type\":\"ImageObject\",\"inLanguage\":\"fr-FR\",\"@id\":\"https:\/\/genevaclassiccarclub.ch\/fr\/#\/schema\/person\/image\/\",\"url\":\"https:\/\/secure.gravatar.com\/avatar\/9aa04a43ffbdfb29dc08c5165760b9c4?s=96&d=mm&r=g\",\"contentUrl\":\"https:\/\/secure.gravatar.com\/avatar\/9aa04a43ffbdfb29dc08c5165760b9c4?s=96&d=mm&r=g\",\"caption\":\"Carel\"},\"url\":\"https:\/\/genevaclassiccarclub.ch\/fr\/author\/carel\/\"}]}<\/script>\n<!-- \/ Yoast SEO plugin. -->","yoast_head_json":{"title":"Citroen DS 23 IE Pallas Photoshoot - Geneva Classic Car Club","robots":{"index":"index","follow":"follow","max-snippet":"max-snippet:-1","max-image-preview":"max-image-preview:large","max-video-preview":"max-video-preview:-1"},"canonical":"https:\/\/genevaclassiccarclub.ch\/fr\/citroen-ds-23-ie-pallas-photoshoot\/","og_locale":"fr_FR","og_type":"article","og_title":"Citroen DS 23 IE Pallas Photoshoot - Geneva Classic Car Club","og_description":"Quelques jolies photos d&rsquo;un photoshoot recent autour de Gen\u00e8ve pour un magazine on-line chinois. Geneva Classic Car Club a mis \u00e0 la disposition de l&rsquo;\u00e9quipe la voiture du jour. &nbsp;","og_url":"https:\/\/genevaclassiccarclub.ch\/fr\/citroen-ds-23-ie-pallas-photoshoot\/","og_site_name":"Geneva Classic Car Club","article_published_time":"2018-06-05T13:17:44+00:00","article_modified_time":"2018-06-05T13:39:31+00:00","og_image":[{"url":"https:\/\/genevaclassiccarclub.ch\/wp-content\/uploads\/2018\/06\/WechatIMG452.jpeg","width":576,"height":1024,"type":"image\/jpeg"}],"author":"Carel","twitter_card":"summary_large_image","twitter_misc":{"\u00c9crit par":"Carel"},"schema":{"@context":"https:\/\/schema.org","@graph":[{"@type":"WebPage","@id":"https:\/\/genevaclassiccarclub.ch\/fr\/citroen-ds-23-ie-pallas-photoshoot\/","url":"https:\/\/genevaclassiccarclub.ch\/fr\/citroen-ds-23-ie-pallas-photoshoot\/","name":"Citroen DS 23 IE Pallas Photoshoot - Geneva Classic Car Club","isPartOf":{"@id":"https:\/\/genevaclassiccarclub.ch\/fr\/#website"},"datePublished":"2018-06-05T13:17:44+00:00","dateModified":"2018-06-05T13:39:31+00:00","author":{"@id":"https:\/\/genevaclassiccarclub.ch\/fr\/#\/schema\/person\/8594360244f374e94bac63cd95b9b7cb"},"breadcrumb":{"@id":"https:\/\/genevaclassiccarclub.ch\/fr\/citroen-ds-23-ie-pallas-photoshoot\/#breadcrumb"},"inLanguage":"fr-FR","potentialAction":[{"@type":"ReadAction","target":["https:\/\/genevaclassiccarclub.ch\/fr\/citroen-ds-23-ie-pallas-photoshoot\/"]}]},{"@type":"BreadcrumbList","@id":"https:\/\/genevaclassiccarclub.ch\/fr\/citroen-ds-23-ie-pallas-photoshoot\/#breadcrumb","itemListElement":[{"@type":"ListItem","position":1,"name":"Accueil","item":"https:\/\/genevaclassiccarclub.ch\/fr\/"},{"@type":"ListItem","position":2,"name":"Citroen DS 23 IE Pallas Photoshoot"}]},{"@type":"WebSite","@id":"https:\/\/genevaclassiccarclub.ch\/fr\/#website","url":"https:\/\/genevaclassiccarclub.ch\/fr\/","name":"Geneva Classic Car Club","description":"Dive into the world of classic cars","potentialAction":[{"@type":"SearchAction","target":{"@type":"EntryPoint","urlTemplate":"https:\/\/genevaclassiccarclub.ch\/fr\/?s={search_term_string}"},"query-input":"required name=search_term_string"}],"inLanguage":"fr-FR"},{"@type":"Person","@id":"https:\/\/genevaclassiccarclub.ch\/fr\/#\/schema\/person\/8594360244f374e94bac63cd95b9b7cb","name":"Carel","image":{"@type":"ImageObject","inLanguage":"fr-FR","@id":"https:\/\/genevaclassiccarclub.ch\/fr\/#\/schema\/person\/image\/","url":"https:\/\/secure.gravatar.com\/avatar\/9aa04a43ffbdfb29dc08c5165760b9c4?s=96&d=mm&r=g","contentUrl":"https:\/\/secure.gravatar.com\/avatar\/9aa04a43ffbdfb29dc08c5165760b9c4?s=96&d=mm&r=g","caption":"Carel"},"url":"https:\/\/genevaclassiccarclub.ch\/fr\/author\/carel\/"}]}},"jetpack_sharing_enabled":true,"jetpack_featured_media_url":"https:\/\/genevaclassiccarclub.ch\/wp-content\/uploads\/2018\/06\/WechatIMG452.jpeg","_links":{"self":[{"href":"https:\/\/genevaclassiccarclub.ch\/fr\/wp-json\/wp\/v2\/posts\/2079"}],"collection":[{"href":"https:\/\/genevaclassiccarclub.ch\/fr\/wp-json\/wp\/v2\/posts"}],"about":[{"href":"https:\/\/genevaclassiccarclub.ch\/fr\/wp-json\/wp\/v2\/types\/post"}],"author":[{"embeddable":true,"href":"https:\/\/genevaclassiccarclub.ch\/fr\/wp-json\/wp\/v2\/users\/2"}],"replies":[{"embeddable":true,"href":"https:\/\/genevaclassiccarclub.ch\/fr\/wp-json\/wp\/v2\/comments?post=2079"}],"version-history":[{"count":3,"href":"https:\/\/genevaclassiccarclub.ch\/fr\/wp-json\/wp\/v2\/posts\/2079\/revisions"}],"predecessor-version":[{"id":2088,"href":"https:\/\/genevaclassiccarclub.ch\/fr\/wp-json\/wp\/v2\/posts\/2079\/revisions\/2088"}],"wp:featuredmedia":[{"embeddable":true,"href":"https:\/\/genevaclassiccarclub.ch\/fr\/wp-json\/wp\/v2\/media\/2050"}],"wp:attachment":[{"href":"https:\/\/genevaclassiccarclub.ch\/fr\/wp-json\/wp\/v2\/media?parent=2079"}],"wp:term":[{"taxonomy":"category","embeddable":true,"href":"https:\/\/genevaclassiccarclub.ch\/fr\/wp-json\/wp\/v2\/categories?post=2079"},{"taxonomy":"post_tag","embeddable":true,"href":"https:\/\/genevaclassiccarclub.ch\/fr\/wp-json\/wp\/v2\/tags?post=2079"}],"curies":[{"name":"wp","href":"https:\/\/api.w.org\/{rel}","templated":true}]}}