{"id":328,"date":"2017-08-13T19:05:41","date_gmt":"2017-08-13T17:05:41","guid":{"rendered":"http:\/\/genevaclassiccarclub.ch\/?p=328"},"modified":"2017-11-04T16:27:11","modified_gmt":"2017-11-04T15:27:11","slug":"13-16-septembre-rallye-geneve-cannes","status":"publish","type":"post","link":"https:\/\/genevaclassiccarclub.ch\/fr\/13-16-septembre-rallye-geneve-cannes\/","title":{"rendered":"13-16 Septembre: Rallye Gen\u00e8ve Cannes"},"content":{"rendered":"<p>Rallye de r\u00e9gularit\u00e9 entre Gen\u00e8ve et Cannes, reprenant une vielle tradition des rallye moto des ann\u00e9es 1920 et 1930. Maintenant \u00e0 sa 10.version apr\u00e8s la reprise part Jean-Claude Peugeot et son \u00e9quipe. Changement de parcours tous les ans. Routes inconnues. Esprit de competition, mais pas trop s\u00e9rieux.<\/p>\n","protected":false},"excerpt":{"rendered":"<p>Rallye de r\u00e9gularit\u00e9 entre Gen\u00e8ve et Cannes, reprenant une vielle tradition des rallye moto des ann\u00e9es 1920 et 1930. Maintenant \u00e0 sa 10.version apr\u00e8s la reprise part Jean-Claude Peugeot et son \u00e9quipe. Changement de parcours tous les ans. Routes inconnues. Esprit de competition, mais pas trop s\u00e9rieux.<\/p>\n","protected":false},"author":1,"featured_media":939,"comment_status":"closed","ping_status":"closed","sticky":false,"template":"","format":"standard","meta":{"_et_pb_use_builder":"","_et_pb_old_content":"","_et_gb_content_width":"","_mi_skip_tracking":false},"categories":[57],"tags":[],"yoast_head":"<!-- This site is optimized with the Yoast SEO plugin v21.8.1 - https:\/\/yoast.com\/wordpress\/plugins\/seo\/ -->\n<title>13-16 Septembre: Rallye Gen\u00e8ve Cannes - Geneva Classic Car Club<\/title>\n<meta name=\"robots\" content=\"index, follow, max-snippet:-1, max-image-preview:large, max-video-preview:-1\" \/>\n<link rel=\"canonical\" href=\"https:\/\/genevaclassiccarclub.ch\/fr\/13-16-septembre-rallye-geneve-cannes\/\" \/>\n<meta property=\"og:locale\" content=\"fr_FR\" \/>\n<meta property=\"og:type\" content=\"article\" \/>\n<meta property=\"og:title\" content=\"13-16 Septembre: Rallye Gen\u00e8ve Cannes - Geneva Classic Car Club\" \/>\n<meta property=\"og:description\" content=\"Rallye de r\u00e9gularit\u00e9 entre Gen\u00e8ve et Cannes, reprenant une vielle tradition des rallye moto des ann\u00e9es 1920 et 1930. Maintenant \u00e0 sa 10.version apr\u00e8s la reprise part Jean-Claude Peugeot et son \u00e9quipe. Changement de parcours tous les ans. Routes inconnues. Esprit de competition, mais pas trop s\u00e9rieux.\" \/>\n<meta property=\"og:url\" content=\"https:\/\/genevaclassiccarclub.ch\/fr\/13-16-septembre-rallye-geneve-cannes\/\" \/>\n<meta property=\"og:site_name\" content=\"Geneva Classic Car Club\" \/>\n<meta property=\"article:published_time\" content=\"2017-08-13T17:05:41+00:00\" \/>\n<meta property=\"article:modified_time\" content=\"2017-11-04T15:27:11+00:00\" \/>\n<meta property=\"og:image\" content=\"https:\/\/genevaclassiccarclub.ch\/wp-content\/uploads\/2017\/08\/L9374298.jpeg\" \/>\n\t<meta property=\"og:image:width\" content=\"1280\" \/>\n\t<meta property=\"og:image:height\" content=\"852\" \/>\n\t<meta property=\"og:image:type\" content=\"image\/jpeg\" \/>\n<meta name=\"author\" content=\"admin\" \/>\n<meta name=\"twitter:card\" content=\"summary_large_image\" \/>\n<meta name=\"twitter:label1\" content=\"\u00c9crit par\" \/>\n\t<meta name=\"twitter:data1\" content=\"admin\" \/>\n<script type=\"application\/ld+json\" class=\"yoast-schema-graph\">{\"@context\":\"https:\/\/schema.org\",\"@graph\":[{\"@type\":\"WebPage\",\"@id\":\"https:\/\/genevaclassiccarclub.ch\/fr\/13-16-septembre-rallye-geneve-cannes\/\",\"url\":\"https:\/\/genevaclassiccarclub.ch\/fr\/13-16-septembre-rallye-geneve-cannes\/\",\"name\":\"13-16 Septembre: Rallye Gen\u00e8ve Cannes - Geneva Classic Car Club\",\"isPartOf\":{\"@id\":\"https:\/\/genevaclassiccarclub.ch\/fr\/#website\"},\"datePublished\":\"2017-08-13T17:05:41+00:00\",\"dateModified\":\"2017-11-04T15:27:11+00:00\",\"author\":{\"@id\":\"https:\/\/genevaclassiccarclub.ch\/fr\/#\/schema\/person\/d26f5c5d29c890d95efc88c8152af71d\"},\"breadcrumb\":{\"@id\":\"https:\/\/genevaclassiccarclub.ch\/fr\/13-16-septembre-rallye-geneve-cannes\/#breadcrumb\"},\"inLanguage\":\"fr-FR\",\"potentialAction\":[{\"@type\":\"ReadAction\",\"target\":[\"https:\/\/genevaclassiccarclub.ch\/fr\/13-16-septembre-rallye-geneve-cannes\/\"]}]},{\"@type\":\"BreadcrumbList\",\"@id\":\"https:\/\/genevaclassiccarclub.ch\/fr\/13-16-septembre-rallye-geneve-cannes\/#breadcrumb\",\"itemListElement\":[{\"@type\":\"ListItem\",\"position\":1,\"name\":\"Accueil\",\"item\":\"https:\/\/genevaclassiccarclub.ch\/fr\/\"},{\"@type\":\"ListItem\",\"position\":2,\"name\":\"13-16 Septembre: Rallye Gen\u00e8ve Cannes\"}]},{\"@type\":\"WebSite\",\"@id\":\"https:\/\/genevaclassiccarclub.ch\/fr\/#website\",\"url\":\"https:\/\/genevaclassiccarclub.ch\/fr\/\",\"name\":\"Geneva Classic Car Club\",\"description\":\"Dive into the world of classic cars\",\"potentialAction\":[{\"@type\":\"SearchAction\",\"target\":{\"@type\":\"EntryPoint\",\"urlTemplate\":\"https:\/\/genevaclassiccarclub.ch\/fr\/?s={search_term_string}\"},\"query-input\":\"required name=search_term_string\"}],\"inLanguage\":\"fr-FR\"},{\"@type\":\"Person\",\"@id\":\"https:\/\/genevaclassiccarclub.ch\/fr\/#\/schema\/person\/d26f5c5d29c890d95efc88c8152af71d\",\"name\":\"admin\",\"image\":{\"@type\":\"ImageObject\",\"inLanguage\":\"fr-FR\",\"@id\":\"https:\/\/genevaclassiccarclub.ch\/fr\/#\/schema\/person\/image\/\",\"url\":\"https:\/\/secure.gravatar.com\/avatar\/96e044374f27857edab5d45466c6c225?s=96&d=mm&r=g\",\"contentUrl\":\"https:\/\/secure.gravatar.com\/avatar\/96e044374f27857edab5d45466c6c225?s=96&d=mm&r=g\",\"caption\":\"admin\"},\"url\":\"https:\/\/genevaclassiccarclub.ch\/fr\/author\/admin\/\"}]}<\/script>\n<!-- \/ Yoast SEO plugin. -->","yoast_head_json":{"title":"13-16 Septembre: Rallye Gen\u00e8ve Cannes - Geneva Classic Car Club","robots":{"index":"index","follow":"follow","max-snippet":"max-snippet:-1","max-image-preview":"max-image-preview:large","max-video-preview":"max-video-preview:-1"},"canonical":"https:\/\/genevaclassiccarclub.ch\/fr\/13-16-septembre-rallye-geneve-cannes\/","og_locale":"fr_FR","og_type":"article","og_title":"13-16 Septembre: Rallye Gen\u00e8ve Cannes - Geneva Classic Car Club","og_description":"Rallye de r\u00e9gularit\u00e9 entre Gen\u00e8ve et Cannes, reprenant une vielle tradition des rallye moto des ann\u00e9es 1920 et 1930. Maintenant \u00e0 sa 10.version apr\u00e8s la reprise part Jean-Claude Peugeot et son \u00e9quipe. Changement de parcours tous les ans. Routes inconnues. Esprit de competition, mais pas trop s\u00e9rieux.","og_url":"https:\/\/genevaclassiccarclub.ch\/fr\/13-16-septembre-rallye-geneve-cannes\/","og_site_name":"Geneva Classic Car Club","article_published_time":"2017-08-13T17:05:41+00:00","article_modified_time":"2017-11-04T15:27:11+00:00","og_image":[{"width":1280,"height":852,"url":"https:\/\/genevaclassiccarclub.ch\/wp-content\/uploads\/2017\/08\/L9374298.jpeg","type":"image\/jpeg"}],"author":"admin","twitter_card":"summary_large_image","twitter_misc":{"\u00c9crit par":"admin"},"schema":{"@context":"https:\/\/schema.org","@graph":[{"@type":"WebPage","@id":"https:\/\/genevaclassiccarclub.ch\/fr\/13-16-septembre-rallye-geneve-cannes\/","url":"https:\/\/genevaclassiccarclub.ch\/fr\/13-16-septembre-rallye-geneve-cannes\/","name":"13-16 Septembre: Rallye Gen\u00e8ve Cannes - Geneva Classic Car Club","isPartOf":{"@id":"https:\/\/genevaclassiccarclub.ch\/fr\/#website"},"datePublished":"2017-08-13T17:05:41+00:00","dateModified":"2017-11-04T15:27:11+00:00","author":{"@id":"https:\/\/genevaclassiccarclub.ch\/fr\/#\/schema\/person\/d26f5c5d29c890d95efc88c8152af71d"},"breadcrumb":{"@id":"https:\/\/genevaclassiccarclub.ch\/fr\/13-16-septembre-rallye-geneve-cannes\/#breadcrumb"},"inLanguage":"fr-FR","potentialAction":[{"@type":"ReadAction","target":["https:\/\/genevaclassiccarclub.ch\/fr\/13-16-septembre-rallye-geneve-cannes\/"]}]},{"@type":"BreadcrumbList","@id":"https:\/\/genevaclassiccarclub.ch\/fr\/13-16-septembre-rallye-geneve-cannes\/#breadcrumb","itemListElement":[{"@type":"ListItem","position":1,"name":"Accueil","item":"https:\/\/genevaclassiccarclub.ch\/fr\/"},{"@type":"ListItem","position":2,"name":"13-16 Septembre: Rallye Gen\u00e8ve Cannes"}]},{"@type":"WebSite","@id":"https:\/\/genevaclassiccarclub.ch\/fr\/#website","url":"https:\/\/genevaclassiccarclub.ch\/fr\/","name":"Geneva Classic Car Club","description":"Dive into the world of classic cars","potentialAction":[{"@type":"SearchAction","target":{"@type":"EntryPoint","urlTemplate":"https:\/\/genevaclassiccarclub.ch\/fr\/?s={search_term_string}"},"query-input":"required name=search_term_string"}],"inLanguage":"fr-FR"},{"@type":"Person","@id":"https:\/\/genevaclassiccarclub.ch\/fr\/#\/schema\/person\/d26f5c5d29c890d95efc88c8152af71d","name":"admin","image":{"@type":"ImageObject","inLanguage":"fr-FR","@id":"https:\/\/genevaclassiccarclub.ch\/fr\/#\/schema\/person\/image\/","url":"https:\/\/secure.gravatar.com\/avatar\/96e044374f27857edab5d45466c6c225?s=96&d=mm&r=g","contentUrl":"https:\/\/secure.gravatar.com\/avatar\/96e044374f27857edab5d45466c6c225?s=96&d=mm&r=g","caption":"admin"},"url":"https:\/\/genevaclassiccarclub.ch\/fr\/author\/admin\/"}]}},"jetpack_sharing_enabled":true,"jetpack_featured_media_url":"https:\/\/genevaclassiccarclub.ch\/wp-content\/uploads\/2017\/08\/L9374298.jpeg","_links":{"self":[{"href":"https:\/\/genevaclassiccarclub.ch\/fr\/wp-json\/wp\/v2\/posts\/328"}],"collection":[{"href":"https:\/\/genevaclassiccarclub.ch\/fr\/wp-json\/wp\/v2\/posts"}],"about":[{"href":"https:\/\/genevaclassiccarclub.ch\/fr\/wp-json\/wp\/v2\/types\/post"}],"author":[{"embeddable":true,"href":"https:\/\/genevaclassiccarclub.ch\/fr\/wp-json\/wp\/v2\/users\/1"}],"replies":[{"embeddable":true,"href":"https:\/\/genevaclassiccarclub.ch\/fr\/wp-json\/wp\/v2\/comments?post=328"}],"version-history":[{"count":1,"href":"https:\/\/genevaclassiccarclub.ch\/fr\/wp-json\/wp\/v2\/posts\/328\/revisions"}],"predecessor-version":[{"id":329,"href":"https:\/\/genevaclassiccarclub.ch\/fr\/wp-json\/wp\/v2\/posts\/328\/revisions\/329"}],"wp:featuredmedia":[{"embeddable":true,"href":"https:\/\/genevaclassiccarclub.ch\/fr\/wp-json\/wp\/v2\/media\/939"}],"wp:attachment":[{"href":"https:\/\/genevaclassiccarclub.ch\/fr\/wp-json\/wp\/v2\/media?parent=328"}],"wp:term":[{"taxonomy":"category","embeddable":true,"href":"https:\/\/genevaclassiccarclub.ch\/fr\/wp-json\/wp\/v2\/categories?post=328"},{"taxonomy":"post_tag","embeddable":true,"href":"https:\/\/genevaclassiccarclub.ch\/fr\/wp-json\/wp\/v2\/tags?post=328"}],"curies":[{"name":"wp","href":"https:\/\/api.w.org\/{rel}","templated":true}]}}